{"id":14981,"date":"2021-07-12T15:30:24","date_gmt":"2021-07-12T13:30:24","guid":{"rendered":"https:\/\/meindl-fashion.de\/2022\/07\/04\/alexander-steinwendtner-x-meindl\/"},"modified":"2023-06-06T13:26:07","modified_gmt":"2023-06-06T11:26:07","slug":"alexander-steinwendtner-x-meindl","status":"publish","type":"post","link":"https:\/\/meindl-fashion.de\/en\/2021\/07\/12\/alexander-steinwendtner-x-meindl\/","title":{"rendered":"Alexander Steinwendtner x Meindl"},"content":{"rendered":"\t\t<div data-elementor-type=\"wp-post\" data-elementor-id=\"14981\" class=\"elementor elementor-14981 elementor-2422\" data-elementor-post-type=\"post\">\n\t\t\t\t\t\t<section class=\"elementor-section elementor-top-section elementor-element elementor-element-49b9b7c9 elementor-section-full_width elementor-section-height-default elementor-section-height-default\" data-id=\"49b9b7c9\" data-element_type=\"section\" data-e-type=\"section\">\n\t\t\t\t\t\t<div class=\"elementor-container elementor-column-gap-no\">\n\t\t\t\t\t<div class=\"elementor-column elementor-col-100 elementor-top-column elementor-element elementor-element-e5ecc03\" data-id=\"e5ecc03\" data-element_type=\"column\" data-e-type=\"column\">\n\t\t\t<div class=\"elementor-widget-wrap elementor-element-populated\">\n\t\t\t\t\t\t<div class=\"elementor-element elementor-element-3fbbbb03 elementor-widget elementor-widget-ArticleHeader\" data-id=\"3fbbbb03\" data-element_type=\"widget\" data-e-type=\"widget\" data-widget_type=\"ArticleHeader.default\">\n\t\t\t\t<div class=\"elementor-widget-container\">\n\t\t\t\t\t\t\t<div class=\"article-header\">\n\t\t\t<img decoding=\"async\" class=\"article-header__image\" src=\"https:\/\/meindl-fashion.de\/wp-content\/uploads\/2021\/07\/story_header.jpg\"\/>\n\n\t\t\t<div class=\"article-header__wrapper\" style=\"width: 1140px\">\n\n\t\t\t\t<div class=\"article-header__content article-header__content--left\">\n\t\t\t\t\t\t\t\t\t\t<div class=\"article-header__tagline\">Fashion & Art<\/div>\n\t\t\t\t\t\n\t\t\t\t\t<h1 class=\"article-header__headline\">Alexander Steinwendtner x Meindl<\/h1>\n\t\t\t\t\t<div class=\"article-header__copy\"><p><strong>\u201cPainting is a creative process for me\u201d<\/strong><br \/><strong>- Alexander Steinwendtner<\/strong><\/p><p>\u00a0<\/p><p>What connects fashion with art? Is handcraft already art \u2013 and can art be commercial at all?<\/p><p>Together with Salzburg artist Alexander Steinwendtner and Stephan Huber, editor-in-chief of the magazine \u201cStyle in Progress\u201d, Markus Meindl talks about authenticity and dedication, about product, quality and commerce.<\/p><p>\u00a0<\/p><p><strong>Read the full article in our latest MEINDL TIMES MAGAZINE II (only available in German)<\/strong><\/p><\/div>\n\t\t\t\t<\/div>\n\t\t\t<\/div>\n\t\t<\/div>\n\t\t\t\t\t\t<\/div>\n\t\t\t\t<\/div>\n\t\t\t\t\t<\/div>\n\t\t<\/div>\n\t\t\t\t\t<\/div>\n\t\t<\/section>\n\t\t\t\t<section class=\"elementor-section elementor-top-section elementor-element elementor-element-57666192 elementor-section-full_width image-gallery-slider elementor-section-height-default elementor-section-height-default\" data-id=\"57666192\" data-element_type=\"section\" data-e-type=\"section\">\n\t\t\t\t\t\t<div class=\"elementor-container elementor-column-gap-no\">\n\t\t\t\t\t<div class=\"elementor-column elementor-col-100 elementor-top-column elementor-element elementor-element-a9e8487\" data-id=\"a9e8487\" data-element_type=\"column\" data-e-type=\"column\">\n\t\t\t<div class=\"elementor-widget-wrap elementor-element-populated\">\n\t\t\t\t\t\t<div class=\"elementor-element elementor-element-1faaf152 elementor-pagination-position-outside elementor-widget elementor-widget-image-carousel\" data-id=\"1faaf152\" data-element_type=\"widget\" data-e-type=\"widget\" data-settings=\"{&quot;slides_to_show&quot;:&quot;4&quot;,&quot;navigation&quot;:&quot;dots&quot;,&quot;image_spacing_custom&quot;:{&quot;unit&quot;:&quot;px&quot;,&quot;size&quot;:10,&quot;sizes&quot;:[]},&quot;autoplay&quot;:&quot;yes&quot;,&quot;pause_on_hover&quot;:&quot;yes&quot;,&quot;pause_on_interaction&quot;:&quot;yes&quot;,&quot;autoplay_speed&quot;:5000,&quot;infinite&quot;:&quot;yes&quot;,&quot;speed&quot;:500,&quot;image_spacing_custom_tablet&quot;:{&quot;unit&quot;:&quot;px&quot;,&quot;size&quot;:&quot;&quot;,&quot;sizes&quot;:[]},&quot;image_spacing_custom_mobile&quot;:{&quot;unit&quot;:&quot;px&quot;,&quot;size&quot;:&quot;&quot;,&quot;sizes&quot;:[]}}\" data-widget_type=\"image-carousel.default\">\n\t\t\t\t<div class=\"elementor-widget-container\">\n\t\t\t\t\t\t\t<div class=\"elementor-image-carousel-wrapper swiper\" role=\"region\" aria-roledescription=\"carousel\" aria-label=\"Image Carousel\" dir=\"ltr\">\n\t\t\t<div class=\"elementor-image-carousel swiper-wrapper swiper-image-stretch\" aria-live=\"off\">\n\t\t\t\t\t\t\t\t<div class=\"swiper-slide\" role=\"group\" aria-roledescription=\"slide\" aria-label=\"1 of 4\"><figure class=\"swiper-slide-inner\"><img decoding=\"async\" class=\"swiper-slide-image\" src=\"https:\/\/meindl-fashion.de\/wp-content\/uploads\/elementor\/thumbs\/story_5-q4wrspu3r8lbowxxijjz9712sk5a5u58t3dcbcukxc.jpg\" alt=\"story_5\" \/><\/figure><\/div><div class=\"swiper-slide\" role=\"group\" aria-roledescription=\"slide\" aria-label=\"2 of 4\"><figure class=\"swiper-slide-inner\"><img decoding=\"async\" class=\"swiper-slide-image\" src=\"https:\/\/meindl-fashion.de\/wp-content\/uploads\/elementor\/thumbs\/story_4-q4wrspu3r8lbowxxijjz9712sk5a5u58t3dcbcukxc.jpg\" alt=\"story_4\" \/><\/figure><\/div><div class=\"swiper-slide\" role=\"group\" aria-roledescription=\"slide\" aria-label=\"3 of 4\"><figure class=\"swiper-slide-inner\"><img decoding=\"async\" class=\"swiper-slide-image\" src=\"https:\/\/meindl-fashion.de\/wp-content\/uploads\/elementor\/thumbs\/story_3-q4wrsow9kek1dazao15cop9m769wy51igypuu2vz3k.jpg\" alt=\"story_3\" \/><\/figure><\/div><div class=\"swiper-slide\" role=\"group\" aria-roledescription=\"slide\" aria-label=\"4 of 4\"><figure class=\"swiper-slide-inner\"><img decoding=\"async\" class=\"swiper-slide-image\" src=\"https:\/\/meindl-fashion.de\/wp-content\/uploads\/elementor\/thumbs\/story_2-q4wrsnyfdkir1p0ntiqq47i5lsejqfxs4u2dcsxd9s.jpg\" alt=\"story_2\" \/><\/figure><\/div>\t\t\t<\/div>\n\t\t\t\t\t\t\t\n\t\t\t\t\t\t\t\t\t<div class=\"swiper-pagination\"><\/div>\n\t\t\t\t\t\t\t\t\t<\/div>\n\t\t\t\t\t\t<\/div>\n\t\t\t\t<\/div>\n\t\t\t\t<section class=\"elementor-section elementor-inner-section elementor-element elementor-element-687052b7 image-gallery-slider__text-section elementor-section-boxed elementor-section-height-default elementor-section-height-default\" data-id=\"687052b7\" data-element_type=\"section\" data-e-type=\"section\">\n\t\t\t\t\t\t<div class=\"elementor-container elementor-column-gap-default\">\n\t\t\t\t\t<div class=\"elementor-column elementor-col-100 elementor-inner-column elementor-element elementor-element-4ed1fb7e\" data-id=\"4ed1fb7e\" data-element_type=\"column\" data-e-type=\"column\">\n\t\t\t<div class=\"elementor-widget-wrap elementor-element-populated\">\n\t\t\t\t\t\t<div class=\"elementor-element elementor-element-14d099cf elementor-widget elementor-widget-text-editor\" data-id=\"14d099cf\" data-element_type=\"widget\" data-e-type=\"widget\" data-widget_type=\"text-editor.default\">\n\t\t\t\t<div class=\"elementor-widget-container\">\n\t\t\t\t\t\t\t\t\t<p style=\"text-align: center;\">Please note that the products shown are unique one-of-a-kind. If you are interested, we will be happy to process your inquiries at: support-fashion@meindl.de or +49 (0) 8685 985 156<\/p>\t\t\t\t\t\t\t\t<\/div>\n\t\t\t\t<\/div>\n\t\t\t\t\t<\/div>\n\t\t<\/div>\n\t\t\t\t\t<\/div>\n\t\t<\/section>\n\t\t\t\t\t<\/div>\n\t\t<\/div>\n\t\t\t\t\t<\/div>\n\t\t<\/section>\n\t\t\t\t<section class=\"elementor-section elementor-top-section elementor-element elementor-element-783af1d4 elementor-section-full_width content-wrapper-small elementor-section-height-default elementor-section-height-default\" data-id=\"783af1d4\" data-element_type=\"section\" data-e-type=\"section\">\n\t\t\t\t\t\t<div class=\"elementor-container elementor-column-gap-no\">\n\t\t\t\t\t<div class=\"elementor-column elementor-col-100 elementor-top-column elementor-element elementor-element-506ab8b6\" data-id=\"506ab8b6\" data-element_type=\"column\" data-e-type=\"column\">\n\t\t\t<div class=\"elementor-widget-wrap elementor-element-populated\">\n\t\t\t\t\t\t<div class=\"elementor-element elementor-element-11adb74c elementor-widget elementor-widget-heading\" data-id=\"11adb74c\" data-element_type=\"widget\" data-e-type=\"widget\" data-widget_type=\"heading.default\">\n\t\t\t\t<div class=\"elementor-widget-container\">\n\t\t\t\t\t<h2 class=\"elementor-heading-title elementor-size-default\">Painting is a process of creation for me<\/h2>\t\t\t\t<\/div>\n\t\t\t\t<\/div>\n\t\t\t\t<div class=\"elementor-element elementor-element-4ddb2038 elementor-widget elementor-widget-text-editor\" data-id=\"4ddb2038\" data-element_type=\"widget\" data-e-type=\"widget\" data-widget_type=\"text-editor.default\">\n\t\t\t\t<div class=\"elementor-widget-container\">\n\t\t\t\t\t\t\t\t\t&#8211; Only available in German &#8211;\r\n\r\n&nbsp;\r\n<p class=\"p1\"><b>Was verbindet Mode mit Kunst?<\/b><\/p>\r\nIst Kunsthandwerk bereits Kunst \u2013 und darf Kunst \u00fcberhaupt kommerziell sein? Gemeinsam mit dem Salzburger K\u00fcnstler Alexander Steinwendtner und Stephan Huber, Chefredakteur des Magazins style in progress, spricht Markus Meindl \u00fcber Authentizit\u00e4t und Hingabe, \u00fcber Produkt, Qualit\u00e4t und Kommerz. Text: Nicoletta Schaper\r\n\r\n<strong>Stephan Huber<\/strong>: Alexander, sind Hirschh\u00e4ute eigentlich ein sch\u00f6ner Untergrund f\u00fcr einen Maler\r\n\r\n<b>Alexander Steinwendtner: <\/b>Es ist phantastisch, damit zu arbeiten! Es gibt da auch eine gewisse Kontinuit\u00e4t. Ich habe bereits im Jahr 2005 eine Serie mit dem Titel \u201eMacht und Ohnmacht\u201c auf Rinderh\u00e4uten gemalt. Als Beitrag zum europ\u00e4ischen Forum Alpbach, das damals unter eben diesem Motto stand. Auf meine so gemachten Erfahrungen konnte ich jetzt beim Material von Markus zur\u00fcckgreifen. Allerdings ist das Wildleder in seiner Textur v\u00f6llig anders, es ist ein Unterschied wie von Blei und Gold. Das Wunderbare an den Meindl H\u00e4uten: Wie intensiv sie die Farben aufnehmen, die Haptik, es liegen wirklich Welten dazwischen.\r\n<p class=\"p1\"><b>Markus Meindl: <\/b>Ja, das Material hat Charakter, auch Fehler, eben Merkmale von echtem Wildleder, die hast du beim Rind nicht.<\/p>\r\n<p class=\"p1\"><b>Alexander Steinwendtner:<\/b> Der n\u00e4chste Schritt war dann, mit Kleidungsst\u00fccken aus der Meindl Kollektion zu arbeiten. Dass war vom Zugang alles andere als einfach. Bei einem fertigen Produkt, das in sich eigentlich perfekt ist, etwas hinzuzuf\u00fcgen, das ist wirklich eine Challenge. Auch in der Malerei ist es entscheidend zu wissen, wann du aufh\u00f6rst. Ich musste letztlich ganz pragmatisch an die Aufgabe herangehen und jedes Teil einfach als Leinwand betrachten.<\/p>\r\n<p class=\"p1\"><b>Markus Meindl:<\/b> Ich finde es faszinierend, wie Alexander dem Teil noch mal eine ganz neue Richtung gibt, eine ganz neue Energie.<\/p>\r\n<p class=\"p1\"><b>Alexander Steinwendtner:<\/b><\/p>\r\n<p class=\"p1\">Markus und ich haben einen \u00e4hnlichen Mindset. Du sp\u00fcrst das ja, entweder kannst du miteinander oder nicht. Das hat von Anfang an so funktioniert, weil ein gemeinsames Interesse da ist, eine Neugier auf tiefgr\u00fcndigere Dinge. Das erzeugt wiederum Synergien, die f\u00fcr beide eine Bereicherung sind.<\/p>\r\n<p class=\"p1\"><b>Stephan Huber:<\/b> Geht es darum, Grenzen auszuloten, zu sehen, was mit dem Material \u00fcberhaupt m\u00f6glich ist, was man ihm zumuten kann?<\/p>\r\n<p class=\"p1\"><b>Markus Meindl:<\/b> Unbedingt. Wir teilen die Begeisterung f\u00fcr die Individualit\u00e4t des Materials. Und wir haben Respekt vor der Arbeit des anderen.<\/p>\r\n<p class=\"p1\"><b>Stephan Huber: <\/b>Mode ist Kunst, hat der Londoner Streetart-Star Endless gerade postuliert. W\u00fcrdest du dem zustimmen?<\/p>\r\n<p class=\"p1\"><b>Markus Meindl:<\/b> \u201eKunst ist eine L\u00fcge, die uns der Wahrheit n\u00e4herbringt\u201c, hat wiederum Picasso gesagt. Genauso kann man sagen, dass Mode Kunst ist. Wobei Kunst f\u00fcr mich dann doch mehr ist als Mode. Denn diese ist verg\u00e4nglich, Kunst hingegen best\u00e4ndig. Es gibt in der Mode jede Menge Trash, aber auch vieles, das mit Kunst oder Kunsthandwerk verbunden ist. Von eigener, nachhaltiger Qualit\u00e4t. Haute Couture Kreationen lassen nur erahnen, welche handwerkliche Kunst, dahintersteckt. Ist Mode also Kunst? Vielleicht auf den zweiten Blick oder im, Kontext von Zeit und Gesellschaft. Oder eben wenn ein K\u00fcnstler sie bearbeitet. Vorher ist Mode doch eher Konsum.<\/p>\r\n<p class=\"p1\"><b>Stephan Huber:<\/b> Aber ist es nicht genau dein Anspruch, Bekleidung zu machen, die \u00fcber den Dingen der Mode steht?<\/p>\r\n<p class=\"p1\"><b>Markus Meindl:<\/b> Es gibt Aspekte in meiner Arbeit, die ganz klar mit Kunsthandwerk zu tun haben, aber ich will mir nicht anma\u00dfen zu behaupten, dass meine Mode Kunst ist.<\/p>\t\t\t\t\t\t\t\t<\/div>\n\t\t\t\t<\/div>\n\t\t\t\t\t<\/div>\n\t\t<\/div>\n\t\t\t\t\t<\/div>\n\t\t<\/section>\n\t\t\t\t<section class=\"elementor-section elementor-top-section elementor-element elementor-element-d11a799 elementor-section-boxed elementor-section-height-default elementor-section-height-default\" data-id=\"d11a799\" data-element_type=\"section\" data-e-type=\"section\">\n\t\t\t\t\t\t<div class=\"elementor-container elementor-column-gap-default\">\n\t\t\t\t\t<div class=\"elementor-column elementor-col-100 elementor-top-column elementor-element elementor-element-f48478f\" data-id=\"f48478f\" data-element_type=\"column\" data-e-type=\"column\">\n\t\t\t<div class=\"elementor-widget-wrap elementor-element-populated\">\n\t\t\t\t\t\t<div class=\"elementor-element elementor-element-834a5b4 elementor-widget elementor-widget-heading\" data-id=\"834a5b4\" data-element_type=\"widget\" data-e-type=\"widget\" data-widget_type=\"heading.default\">\n\t\t\t\t<div class=\"elementor-widget-container\">\n\t\t\t\t\t<h3 class=\"elementor-heading-title elementor-size-default\">\"I believe that art has become faster and more short-lived. Good fashion, on the other hand, is long-lasting and no longer just for one season.\"<\/h3>\t\t\t\t<\/div>\n\t\t\t\t<\/div>\n\t\t\t\t\t<\/div>\n\t\t<\/div>\n\t\t\t\t\t<\/div>\n\t\t<\/section>\n\t\t\t\t<section class=\"elementor-section elementor-top-section elementor-element elementor-element-a8ebf7e elementor-section-boxed elementor-section-height-default elementor-section-height-default\" data-id=\"a8ebf7e\" data-element_type=\"section\" data-e-type=\"section\">\n\t\t\t\t\t\t<div class=\"elementor-container elementor-column-gap-default\">\n\t\t\t\t\t<div class=\"elementor-column elementor-col-100 elementor-top-column elementor-element elementor-element-3df0830\" data-id=\"3df0830\" data-element_type=\"column\" data-e-type=\"column\">\n\t\t\t<div class=\"elementor-widget-wrap elementor-element-populated\">\n\t\t\t\t\t\t<div class=\"elementor-element elementor-element-24dc6b6 elementor-widget elementor-widget-heading\" data-id=\"24dc6b6\" data-element_type=\"widget\" data-e-type=\"widget\" data-widget_type=\"heading.default\">\n\t\t\t\t<div class=\"elementor-widget-container\">\n\t\t\t\t\t<h6 class=\"elementor-heading-title elementor-size-default\">Alexander Steinwendtner<\/h6>\t\t\t\t<\/div>\n\t\t\t\t<\/div>\n\t\t\t\t\t<\/div>\n\t\t<\/div>\n\t\t\t\t\t<\/div>\n\t\t<\/section>\n\t\t\t\t<section class=\"elementor-section elementor-top-section elementor-element elementor-element-47d59ba elementor-section-full_width content-wrapper-small elementor-section-height-default elementor-section-height-default\" data-id=\"47d59ba\" data-element_type=\"section\" data-e-type=\"section\">\n\t\t\t\t\t\t<div class=\"elementor-container elementor-column-gap-no\">\n\t\t\t\t\t<div class=\"elementor-column elementor-col-100 elementor-top-column elementor-element elementor-element-1d2ce09\" data-id=\"1d2ce09\" data-element_type=\"column\" data-e-type=\"column\">\n\t\t\t<div class=\"elementor-widget-wrap elementor-element-populated\">\n\t\t\t\t\t\t<div class=\"elementor-element elementor-element-19f532a elementor-widget elementor-widget-text-editor\" data-id=\"19f532a\" data-element_type=\"widget\" data-e-type=\"widget\" data-widget_type=\"text-editor.default\">\n\t\t\t\t<div class=\"elementor-widget-container\">\n\t\t\t\t\t\t\t\t\t<p class=\"p1\"><b>Stephan Huber: <\/b>Kann die Kunst nicht insgesamt v\u00f6llig andere Storys erz\u00e4hlen? Gerade n\u00e4hert sich die Mode extrem an die Kunst an, weil sie mit Macht nach neuen Storys sucht, nach einem neuen Narrativ. Letzten Endes geht es beiden Bereichen darum, die beste Geschichte zu liefern. Es ist ein intensives Wiederbeleben einer alten Beziehung.<\/p><p class=\"p1\"><b>Alexander Steinwendtner:<\/b> Ich glaube, dass die Kunst schneller und kurzlebiger geworden ist. Gute Mode dagegen ist langlebig und nicht mehr nur auf eine Saison bezogen.<\/p><p> <\/p><p class=\"p1\"><b>Stephan Huber:<\/b> Gibt es so etwas wie Fast Art, vergleichbar mit Fast Fashion?<\/p><p> <\/p><p class=\"p1\"><b>Alexander Steinwendtner:<\/b> Auf jeden Fall, man sieht diese Beschleunigung eindeutig im Kunstmarkt. Es gibt Werke, die passen perfekt zu einem ganz bestimmten Moment oder Anlass gut und haben danach sofort ihre Relevanz verloren. Vieles ist vom Marketing gesteuert, vieles ist Zeitgeist. Nur etwas, das eine gewisse Erdung hat, hat auch Bestand.<\/p><p> <\/p><p class=\"p1\"><b>Stephan Huber:<\/b> Das finde ich ganz spannend: Gibt es in der Kunst wie in <span class=\"s1\">der Mode so etwas wie objektivierbare<\/span> Qualit\u00e4t?<\/p><p> <\/p><p class=\"p1\"><b>Alexander Steinwendtner:<\/b> Ja. <\/p><p> <\/p><p class=\"p1\"><b>Markus Meindl:<\/b> Das sehe ich auch so.<\/p><p> <\/p><p class=\"p1\"><b>Stephan Huber:<\/b> Also gibt es schon einen Grund, warum sich gewisse Dinge einfach durchsetzen und ihre langlebige G\u00fcltigkeit erlangen.\u00a0<\/p><p> <\/p><p class=\"p1\"><b>Alexander Steinwendtner:<\/b> Teilweise erleben Bilder, die ich vor Jahren gemacht habe, einen Reifeprozess, wie ein guter Wein.<\/p><p class=\"p1\">Sie waren f\u00fcr mich gut, haben aber weiter kein gro\u00dfes Interesse erregt und ich habe sie weggelegt. Dann hole ich sie wieder hervor und auf einmal stimmt der Moment.<\/p><p class=\"p1\"><b>Stephan Huber: <\/b>W\u00fcrdest du dich in deiner Arbeit nach Moden richten, w\u00e4re das, was du vor drei Jahren gemacht hast, nichts mehr wert.<\/p><p> <\/p><p class=\"p1\"><b>Markus Meindl:<\/b> Es geht mir manchmal \u00e4hnlich. Ich stelle ein paar Teile fertig und h\u00e4nge sie erst einmal weg, weil ich denke, dass sie nicht ganz in die Kollektion passen. Sp\u00e4ter merke ich, dass sie eine neue Kraft bekommen haben.<\/p><p> <\/p><p class=\"p1\"><b>Alexander Steinwendtner:<\/b> Ich kann mir vorstellen, dass es bei einer<\/p><p class=\"p1\">Modekollektion brutal schwierig ist, etwas zum genau richtigen Zeitpunkt herauszubringen.<\/p><p> <\/p><p class=\"p1\"><b>Stephan Huber:<\/b> Ja, etwas, das in dem Moment eine gro\u00dfe Verk\u00e4uflichkeit hat. Wie kommerziell darf Kunst sein? Anders gefragt: Ist kommerzielle Kunst per se schlecht?<\/p><p> <\/p><p class=\"p1\"><b>Alexander Steinwendtner:<\/b> Nein, auf keinen Fall!<\/p><p> <\/p><p class=\"p1\"><b>Stephan Huber:<\/b> Im deutschsprachigen Feuilleton ist alles Kommerzielle oft aus Prinzip erst mal verd\u00e4chtig. Inbesondere wenn es um Mode geht. Is that very similar in the reception of art?<\/p><p> <\/p><p class=\"p1\"><b>Alexander Steinwendtner:<\/b> Sure, but they are still two approaches. One is a philosophical approach, the other, how should I call it, is a human approach. If something is cool and it suits a lot of people at the same time, it works commercially. It doesn&#8217;t have to be bad because of that. Quite the opposite. There are many examples in art history, such as the great workshops of Michelangelo or Rembrandt. They were insanely good, commercially successful even in their lifetimes, and their works have endured to this day. It doesn&#8217;t make sense to me why something commercially successful should be bad. That is not logical for me.<\/p>\t\t\t\t\t\t\t\t<\/div>\n\t\t\t\t<\/div>\n\t\t\t\t\t<\/div>\n\t\t<\/div>\n\t\t\t\t\t<\/div>\n\t\t<\/section>\n\t\t\t\t<section class=\"elementor-section elementor-top-section elementor-element elementor-element-58b30b7 elementor-section-full_width content-wrapper elementor-section-height-default elementor-section-height-default\" data-id=\"58b30b7\" data-element_type=\"section\" data-e-type=\"section\">\n\t\t\t\t\t\t<div class=\"elementor-container elementor-column-gap-no\">\n\t\t\t\t\t<div class=\"elementor-column elementor-col-100 elementor-top-column elementor-element elementor-element-e7b1664\" data-id=\"e7b1664\" data-element_type=\"column\" data-e-type=\"column\">\n\t\t\t<div class=\"elementor-widget-wrap elementor-element-populated\">\n\t\t\t\t\t\t<div class=\"elementor-element elementor-element-9d4baba elementor-widget elementor-widget-image\" data-id=\"9d4baba\" data-element_type=\"widget\" data-e-type=\"widget\" data-widget_type=\"image.default\">\n\t\t\t\t<div class=\"elementor-widget-container\">\n\t\t\t\t\t\t\t\t\t\t\t\t\t\t\t<img fetchpriority=\"high\" decoding=\"async\" width=\"1600\" height=\"2400\" src=\"https:\/\/meindl-fashion.de\/wp-content\/uploads\/2021\/07\/MM_Reportage_Oberalm_301-1600.jpg\" class=\"attachment-full size-full wp-image-2633\" alt=\"\" srcset=\"https:\/\/meindl-fashion.de\/wp-content\/uploads\/2021\/07\/MM_Reportage_Oberalm_301-1600.jpg 1600w, https:\/\/meindl-fashion.de\/wp-content\/uploads\/2021\/07\/MM_Reportage_Oberalm_301-1600-600x900.jpg 600w, https:\/\/meindl-fashion.de\/wp-content\/uploads\/2021\/07\/MM_Reportage_Oberalm_301-1600-200x300.jpg 200w, https:\/\/meindl-fashion.de\/wp-content\/uploads\/2021\/07\/MM_Reportage_Oberalm_301-1600-683x1024.jpg 683w, https:\/\/meindl-fashion.de\/wp-content\/uploads\/2021\/07\/MM_Reportage_Oberalm_301-1600-768x1152.jpg 768w, https:\/\/meindl-fashion.de\/wp-content\/uploads\/2021\/07\/MM_Reportage_Oberalm_301-1600-1024x1536.jpg 1024w, https:\/\/meindl-fashion.de\/wp-content\/uploads\/2021\/07\/MM_Reportage_Oberalm_301-1600-1365x2048.jpg 1365w\" sizes=\"(max-width: 1600px) 100vw, 1600px\" \/>\t\t\t\t\t\t\t\t\t\t\t\t\t\t\t<\/div>\n\t\t\t\t<\/div>\n\t\t\t\t\t<\/div>\n\t\t<\/div>\n\t\t\t\t\t<\/div>\n\t\t<\/section>\n\t\t\t\t<section class=\"elementor-section elementor-top-section elementor-element elementor-element-264e599 elementor-section-full_width content-wrapper-small elementor-section-height-default elementor-section-height-default\" data-id=\"264e599\" data-element_type=\"section\" data-e-type=\"section\">\n\t\t\t\t\t\t<div class=\"elementor-container elementor-column-gap-no\">\n\t\t\t\t\t<div class=\"elementor-column elementor-col-100 elementor-top-column elementor-element elementor-element-85a057c\" data-id=\"85a057c\" data-element_type=\"column\" data-e-type=\"column\">\n\t\t\t<div class=\"elementor-widget-wrap elementor-element-populated\">\n\t\t\t\t\t\t<div class=\"elementor-element elementor-element-8e8a065 elementor-widget elementor-widget-text-editor\" data-id=\"8e8a065\" data-element_type=\"widget\" data-e-type=\"widget\" data-widget_type=\"text-editor.default\">\n\t\t\t\t<div class=\"elementor-widget-container\">\n\t\t\t\t\t\t\t\t\t<p class=\"p1\"><b>Stephan Huber:<\/b> Ihr schafft beide auf eure Art ein Werk, das letztlich ja auch verkauft werden soll. Hat das einen Einfluss auf den Schaffensprozess?<\/p><p> <\/p><p class=\"p1\"><b>Alexander Steinwendtner:<\/b> Nicht wirklich. Es gibt sicher Leute, die ihre Arbeit nach dem Geschmack richten. Betrachtet man ihr Werk aber nach zehn oder 20 Jahren, merkt man, dass sie nur einen kurzen Atem hatten.<\/p><p> <\/p><p class=\"p1\"><b>Markus Meindl:<\/b> Wir m\u00fcssen in der Mode allerdings immer bedenken, ob das Produkt seine Erwartungen erf\u00fcllt. Form follows Function! Ich kann keine Jacke oder Hose ohne echte Taschen machen. Das Teil kann noch so sch\u00f6n sein, ich brauche Taschen, in die ich etwas hineintun kann. Das Teil muss einen Zweck erf\u00fcllen.<\/p><p> <\/p><p class=\"p1\"><b>Stephan Huber:<\/b> Diesen Pragmatismus gibt es in der Kunst nicht.<\/p><p> <\/p><p class=\"p1\"><b>Markus Meindl:<\/b> Nein. Die Kunst muss keinen vordergr\u00fcndigen Zweck erf\u00fcllen, sondern sie muss auch mal Kontraste aufzeigen und Denkweisen aufbrechen. In dieser Hinsicht ist Kunst tats\u00e4chlich frei.<\/p><p> <\/p><p class=\"p1\"><b>Stephan Huber: <\/b>Wobei Kunst f\u00fcr viele eine Prestigefrage ist. Die h\u00e4ngen sich ein Bild an die Wand, weil es viel Geld gekostet hat und denken wom\u00f6glich jeden Tag \u201eBoah ist das schiach.\u201c Ist der Kunstmarkt nicht fast noch zynischer als der Modemarkt?<\/p><p> <\/p><p class=\"p1\"><b>Alexander Steinwendtner: <\/b>Ja, in dem Moment wo Kunst zum Anlageobjekt wird, ist der Markt tats\u00e4chlich ziemlich zynisch. <\/p><p> <\/p><p class=\"p1\"><b>Markus Meindl: <\/b>Wie die Mode kann, die Kunst auch \u00fcber<\/p><p class=\"p1\">das Element der Provokation funktionieren.<\/p><p> <\/p><p class=\"p1\"><b>Stephan Huber: <\/b>Wir erinnern uns an die fast schon rituelle Emp\u00f6rung \u00fcber Hermann Nitsch, um ein popul\u00e4res Beispiel zu nennen. <\/p><p> <\/p><p class=\"p1\"><b>Alexander Steinwendtner:<\/b> Der auch eine absolute Qualit\u00e4t hat, sonst w\u00e4re er nicht der, der er ist.<\/p><p> <\/p><p class=\"p1\"><b>Stephan Huber: <\/b>Als Laie vergisst man oft, das vieles in der Kunst mit einem sehr intensiven, physischen Schaffensprozess verbunden ist. <\/p><p> <\/p><p class=\"p1\"><b>Alexander Steinwendtner:<\/b> Es ist ein sich Einarbeiten, sich Abarbeiten, ein sich Vertiefen in die Materie. Malen ist f\u00fcr mich ein Sch\u00f6pfungsprozess. Er ist mit Blut, Schwei\u00df und Tr\u00e4nen verbunden, das geh\u00f6rt dazu. Bei Leder ist es eine eher sanfte, aber nicht minder intensive Auseinandersetzung.<\/p><p> <\/p><p class=\"p1\"><b>Markus Meindl:<\/b> Zurzeit erarbeiten wir ein gemeinsames Projekt: Wir machen f\u00fcr eine sehr bekannte Automobilmarke das Interieur f\u00fcr ein sehr exklusives Modell, f\u00fcr das<\/p><p class=\"p1\">Alexander ein Logo entworfen hat. Er kam dann mit einem vier mal sechs Meter gro\u00dfen Bild von zwei k\u00e4mpfenden Hirschen in die Pr\u00e4sentation. Alleine diese Wirkung \u2013 ein Ereignis!<\/p><p> <\/p><p class=\"p1\"><b>Alexander Steinwendtner:<\/b> Auch wenn das Logo au\u00dfen am Auto angebracht klein sein wird: Je gr\u00f6\u00dfer du das machst, desto genauer werden die Details. Da sind die Pinselstriche nicht nur zwei, sondern auch mal 45 Zentimeter breit und ich benutze auch mal den Kohlestift. Dann entsteht eine Synergie zwischen<\/p><p class=\"p1\">feinstem Detail und brachialem Pinselstrich. Wegnehmen kannst du am Schluss immer.<\/p><p class=\"p1\">Aber schwerlich etwas hinzuf\u00fcgen.<\/p><p> <\/p><p class=\"p1\"><b>Stephan Huber:<\/b> Die Diskussion, ob Kunst etwas mit K\u00f6nnen zu tun hat, ist ebenso alt wie irref\u00fchrend. Weil sie Kunst zum Handwerk umdeutet. Dennoch die Frage: Muss man als K\u00fcnstler gewisse handwerkliche Prinzipien beherrschen?\u00a0<\/p><p> <\/p><p class=\"p1\"><b>Alexander Steinwendtner:<\/b> Auf jeden Fall. Erst wenn du das eine beherrschst, kannst du auch das andere.<\/p><p> <\/p><p class=\"p1\"><b>Markus Meindl:<\/b> Genauso ist es in der Mode. Erst wenn du nach allen Regeln der Schneiderkunst ein gut passendes Kleidungsst\u00fcck machen kannst, bist du in der Lage, zu dekonstruieren.<\/p><p> <\/p><p class=\"p1\"><b>Alexander Steinwendtner:<\/b> Es muss auch nicht zwingend der K\u00fcnstler selbst seine Arbeit handwerklich im Detail perfekt umsetzen k\u00f6nnen.\u00a0<\/p><p> <\/p><p class=\"p1\"><b>Stephan Huber: <\/b>Und auch nicht der Designer. Virgil Abloh hat als Artistic Director von Louis Vuitton mit vielen Prinzipien dieses Genres gebrochen.<\/p><p> <\/p><p class=\"p1\"><b>Markus Meindl:<\/b> Stimmt. Und das war in vieler Hinsicht auch wichtig. Gleichzeitig hat er um sich die Menschen, die seine Ideen und Visionen handwerklich perfekt umsetzen. Das sind echte Profis mit viel Gef\u00fchl f\u00fcr Passform, Proportionen und einem gro\u00dfen Knowhow in der Verarbeitung. Erst dann wird es perfekt und kostet am Ende wirklich viel Geld. Weil auch gro\u00dfe handwerkliche Kunst dahintersteckt.<\/p>\t\t\t\t\t\t\t\t<\/div>\n\t\t\t\t<\/div>\n\t\t\t\t\t<\/div>\n\t\t<\/div>\n\t\t\t\t\t<\/div>\n\t\t<\/section>\n\t\t\t\t<section class=\"elementor-section elementor-top-section elementor-element elementor-element-8162bf1 elementor-section-full_width image-gallery-slider elementor-section-height-default elementor-section-height-default\" data-id=\"8162bf1\" data-element_type=\"section\" data-e-type=\"section\">\n\t\t\t\t\t\t<div class=\"elementor-container elementor-column-gap-no\">\n\t\t\t\t\t<div class=\"elementor-column elementor-col-100 elementor-top-column elementor-element elementor-element-603d4de\" data-id=\"603d4de\" data-element_type=\"column\" data-e-type=\"column\">\n\t\t\t<div class=\"elementor-widget-wrap elementor-element-populated\">\n\t\t\t\t\t\t<div class=\"elementor-element elementor-element-012609c elementor-pagination-position-outside elementor-widget elementor-widget-image-carousel\" data-id=\"012609c\" data-element_type=\"widget\" data-e-type=\"widget\" data-settings=\"{&quot;slides_to_show&quot;:&quot;4&quot;,&quot;navigation&quot;:&quot;dots&quot;,&quot;image_spacing_custom&quot;:{&quot;unit&quot;:&quot;px&quot;,&quot;size&quot;:10,&quot;sizes&quot;:[]},&quot;autoplay&quot;:&quot;yes&quot;,&quot;pause_on_hover&quot;:&quot;yes&quot;,&quot;pause_on_interaction&quot;:&quot;yes&quot;,&quot;autoplay_speed&quot;:5000,&quot;infinite&quot;:&quot;yes&quot;,&quot;speed&quot;:500,&quot;image_spacing_custom_tablet&quot;:{&quot;unit&quot;:&quot;px&quot;,&quot;size&quot;:&quot;&quot;,&quot;sizes&quot;:[]},&quot;image_spacing_custom_mobile&quot;:{&quot;unit&quot;:&quot;px&quot;,&quot;size&quot;:&quot;&quot;,&quot;sizes&quot;:[]}}\" data-widget_type=\"image-carousel.default\">\n\t\t\t\t<div class=\"elementor-widget-container\">\n\t\t\t\t\t\t\t<div class=\"elementor-image-carousel-wrapper swiper\" role=\"region\" aria-roledescription=\"carousel\" aria-label=\"Image Carousel\" dir=\"ltr\">\n\t\t\t<div class=\"elementor-image-carousel swiper-wrapper swiper-image-stretch\" aria-live=\"off\">\n\t\t\t\t\t\t\t\t<div class=\"swiper-slide\" role=\"group\" aria-roledescription=\"slide\" aria-label=\"1 of 4\"><figure class=\"swiper-slide-inner\"><img decoding=\"async\" class=\"swiper-slide-image\" src=\"https:\/\/meindl-fashion.de\/wp-content\/uploads\/elementor\/thumbs\/MM_Reportage_Oberalm_008-1600-q4wrsek1h85vtlebceogf9vjnxovlgwgrjjik1bb00.jpg\" alt=\"MM_Reportage_Oberalm_008-1600\" \/><\/figure><\/div><div class=\"swiper-slide\" role=\"group\" aria-roledescription=\"slide\" aria-label=\"2 of 4\"><figure class=\"swiper-slide-inner\"><img decoding=\"async\" class=\"swiper-slide-image\" src=\"https:\/\/meindl-fashion.de\/wp-content\/uploads\/elementor\/thumbs\/MM_Reportage_Oberalm_021-1600-q4wrsfhvo27657cy6x32zrn09bk8t6073o701b9wts.jpg\" alt=\"MM_Reportage_Oberalm_021-1600\" \/><\/figure><\/div><div class=\"swiper-slide\" role=\"group\" aria-roledescription=\"slide\" aria-label=\"3 of 4\"><figure class=\"swiper-slide-inner\"><img decoding=\"async\" class=\"swiper-slide-image\" src=\"https:\/\/meindl-fashion.de\/wp-content\/uploads\/elementor\/thumbs\/MM_Reportage_Oberalm_119-1600-q4wrsgfpuw8ggtbl1fhpk9egupfm0v3xfsuhil8ink.jpg\" alt=\"MM_Reportage_Oberalm_119-1600\" \/><\/figure><\/div><div class=\"swiper-slide\" role=\"group\" aria-roledescription=\"slide\" aria-label=\"4 of 4\"><figure class=\"swiper-slide-inner\"><img decoding=\"async\" class=\"swiper-slide-image\" src=\"https:\/\/meindl-fashion.de\/wp-content\/uploads\/elementor\/thumbs\/MM_Reportage_Oberalm_175-1600-q4wrshdk1q9qsfa7vxwc4r5xg3az8k7nrxhyzv74hc.jpg\" alt=\"MM_Reportage_Oberalm_175-1600\" \/><\/figure><\/div>\t\t\t<\/div>\n\t\t\t\t\t\t\t\n\t\t\t\t\t\t\t\t\t<div class=\"swiper-pagination\"><\/div>\n\t\t\t\t\t\t\t\t\t<\/div>\n\t\t\t\t\t\t<\/div>\n\t\t\t\t<\/div>\n\t\t\t\t<section class=\"elementor-section elementor-inner-section elementor-element elementor-element-f2d4cd2 image-gallery-slider__text-section elementor-section-boxed elementor-section-height-default elementor-section-height-default\" data-id=\"f2d4cd2\" data-element_type=\"section\" data-e-type=\"section\">\n\t\t\t\t\t\t<div class=\"elementor-container elementor-column-gap-default\">\n\t\t\t\t\t<div class=\"elementor-column elementor-col-100 elementor-inner-column elementor-element elementor-element-e680de2\" data-id=\"e680de2\" data-element_type=\"column\" data-e-type=\"column\">\n\t\t\t<div class=\"elementor-widget-wrap elementor-element-populated\">\n\t\t\t\t\t\t<div class=\"elementor-element elementor-element-e3a7dfe elementor-widget elementor-widget-text-editor\" data-id=\"e3a7dfe\" data-element_type=\"widget\" data-e-type=\"widget\" data-widget_type=\"text-editor.default\">\n\t\t\t\t<div class=\"elementor-widget-container\">\n\t\t\t\t\t\t\t\t\t<p style=\"text-align: center;\">Please note that the products shown are unique. If you are interested, we will be happy to process your inquiries at: zentrale@meindl.de or +49 (0) 8685 985 0<\/p>\t\t\t\t\t\t\t\t<\/div>\n\t\t\t\t<\/div>\n\t\t\t\t\t<\/div>\n\t\t<\/div>\n\t\t\t\t\t<\/div>\n\t\t<\/section>\n\t\t\t\t\t<\/div>\n\t\t<\/div>\n\t\t\t\t\t<\/div>\n\t\t<\/section>\n\t\t\t\t<section class=\"elementor-section elementor-top-section elementor-element elementor-element-d295e6f elementor-section-full_width content-wrapper-small elementor-section-height-default elementor-section-height-default\" data-id=\"d295e6f\" data-element_type=\"section\" data-e-type=\"section\">\n\t\t\t\t\t\t<div class=\"elementor-container elementor-column-gap-no\">\n\t\t\t\t\t<div class=\"elementor-column elementor-col-100 elementor-top-column elementor-element elementor-element-427534e\" data-id=\"427534e\" data-element_type=\"column\" data-e-type=\"column\">\n\t\t\t<div class=\"elementor-widget-wrap elementor-element-populated\">\n\t\t\t\t\t\t<div class=\"elementor-element elementor-element-fb4456d elementor-widget elementor-widget-text-editor\" data-id=\"fb4456d\" data-element_type=\"widget\" data-e-type=\"widget\" data-widget_type=\"text-editor.default\">\n\t\t\t\t<div class=\"elementor-widget-container\">\n\t\t\t\t\t\t\t\t\t<p class=\"p1\"><b>Alexander Steinwendtner:<\/b> In der Kunst wie in der Mode hat eben nur Bestand, was akribisch erarbeitet worden ist, wenn ein Radl pr\u00e4zise ins andere greift. Nur dann kann das Produkt am Ende aussehen wie ein lockerer, frischer Wurf.<\/p><p> <\/p><p class=\"p1\"><b>Stephan Huber: <\/b>Jeff Koons ist ein sehr popul\u00e4res und auch unversch\u00e4mt erfolgreiches Beispiel f\u00fcr dieses Prinzip.<\/p><p> <\/p><p class=\"p1\"><b>Alexander Steinwendtner:<\/b> Der mag zwar nicht der allerbeste Aluminiumgie\u00dfer sein, aber die allerbesten arbeiten dann eben f\u00fcr ihn. Sehr oft steckt keine manische Einzelperson, sondern ein ganzes Team dahinter. Ich bin auch keine One Man Show. Sondern ich brauche den richtigen Fotografen, den richtigen Mann am Computer, den richtigen Holzlieferanten. Ich kann nicht einfach irgendein Brett nehmen.<\/p><p> <\/p><p class=\"p1\"><b>Markus Meindl:<\/b> Und derjenige muss genau verstehen, was du willst. Einen Schritt weitergedacht brauchst du in der Mode dann den richtigen H\u00e4ndler, der seine Kunden kennt und wei\u00df, f\u00fcr wen was gut passen k\u00f6nnte. Der sagt: Schau her, ich habe genau das Richtige f\u00fcr dich.<\/p><p> <\/p><p class=\"p1\"><b>Stephan Huber: <\/b>Womit<span class=\"Apple-converted-space\"> <\/span>wir<span class=\"Apple-converted-space\"> <\/span>wieder<span class=\"Apple-converted-space\"> <\/span>bei der Diskussion \u00fcber Kommerzialit\u00e4t w\u00e4ren. Auf verschiedenen Ebenen geht es darum, dass das Produkt am Ende jemanden gl\u00fccklich macht. Wobei jeder Mensch zu einem Kunstwerk einen ganz eigenen und v\u00f6llig legitimen Zugang hat. Das ist f\u00fcr mich einer der spannendsten Aspekte dabei: unabh\u00e4ngig von der origin\u00e4ren Geschichte hat jeder seine eigene Story dazu.<\/p><p> <\/p><p class=\"p1\"><b>Markus Meindl:<\/b> Auf die Mode \u00fcbertragen kann jeder die Teile tragen, wie er will. <\/p><p> <\/p><p class=\"p1\"><b>Alexander Steinwendtner: <\/b>Und wenn irgendein Styler sagt, die Jacken\u00e4rmel soll man nicht hochkrempeln \u2013 ich krempel sie gern.<\/p><p> <\/p><p class=\"p1\"><b>Markus Meindl:<\/b> Das ist die gestalterische Freiheit, die man hat. If you like the look, go for it.<\/p>\t\t\t\t\t\t\t\t<\/div>\n\t\t\t\t<\/div>\n\t\t\t\t\t<\/div>\n\t\t<\/div>\n\t\t\t\t\t<\/div>\n\t\t<\/section>\n\t\t\t\t<section class=\"elementor-section elementor-top-section elementor-element elementor-element-6b0247f elementor-section-boxed elementor-section-height-default elementor-section-height-default\" data-id=\"6b0247f\" data-element_type=\"section\" data-e-type=\"section\">\n\t\t\t\t\t\t<div class=\"elementor-container elementor-column-gap-default\">\n\t\t\t\t\t<div class=\"elementor-column elementor-col-100 elementor-top-column elementor-element elementor-element-57d668b\" data-id=\"57d668b\" data-element_type=\"column\" data-e-type=\"column\">\n\t\t\t<div class=\"elementor-widget-wrap elementor-element-populated\">\n\t\t\t\t\t\t<div class=\"elementor-element elementor-element-0b3d926 elementor-widget elementor-widget-heading\" data-id=\"0b3d926\" data-element_type=\"widget\" data-e-type=\"widget\" data-widget_type=\"heading.default\">\n\t\t\t\t<div class=\"elementor-widget-container\">\n\t\t\t\t\t<h3 class=\"elementor-heading-title elementor-size-default\">\"Only when you can make a well-fitting garment by all the rules of tailoring are you able to deconstruct.\"<\/h3>\t\t\t\t<\/div>\n\t\t\t\t<\/div>\n\t\t\t\t\t<\/div>\n\t\t<\/div>\n\t\t\t\t\t<\/div>\n\t\t<\/section>\n\t\t\t\t<section class=\"elementor-section elementor-top-section elementor-element elementor-element-0deb24d elementor-section-boxed elementor-section-height-default elementor-section-height-default\" data-id=\"0deb24d\" data-element_type=\"section\" data-e-type=\"section\">\n\t\t\t\t\t\t<div class=\"elementor-container elementor-column-gap-default\">\n\t\t\t\t\t<div class=\"elementor-column elementor-col-100 elementor-top-column elementor-element elementor-element-5048723\" data-id=\"5048723\" data-element_type=\"column\" data-e-type=\"column\">\n\t\t\t<div class=\"elementor-widget-wrap elementor-element-populated\">\n\t\t\t\t\t\t<div class=\"elementor-element elementor-element-161c309 elementor-widget elementor-widget-heading\" data-id=\"161c309\" data-element_type=\"widget\" data-e-type=\"widget\" data-widget_type=\"heading.default\">\n\t\t\t\t<div class=\"elementor-widget-container\">\n\t\t\t\t\t<h6 class=\"elementor-heading-title elementor-size-default\">Markus Meindl<\/h6>\t\t\t\t<\/div>\n\t\t\t\t<\/div>\n\t\t\t\t\t<\/div>\n\t\t<\/div>\n\t\t\t\t\t<\/div>\n\t\t<\/section>\n\t\t\t\t<section class=\"elementor-section elementor-top-section elementor-element elementor-element-ec325a0 elementor-section-full_width content-wrapper elementor-section-height-default elementor-section-height-default\" data-id=\"ec325a0\" data-element_type=\"section\" data-e-type=\"section\">\n\t\t\t\t\t\t<div class=\"elementor-container elementor-column-gap-no\">\n\t\t\t\t\t<div class=\"elementor-column elementor-col-100 elementor-top-column elementor-element elementor-element-b51e57a\" data-id=\"b51e57a\" data-element_type=\"column\" data-e-type=\"column\">\n\t\t\t<div class=\"elementor-widget-wrap elementor-element-populated\">\n\t\t\t\t\t\t<div class=\"elementor-element elementor-element-c7b1c64 elementor-widget elementor-widget-image\" data-id=\"c7b1c64\" data-element_type=\"widget\" data-e-type=\"widget\" data-widget_type=\"image.default\">\n\t\t\t\t<div class=\"elementor-widget-container\">\n\t\t\t\t\t\t\t\t\t\t\t\t\t\t\t<img decoding=\"async\" width=\"1600\" height=\"1067\" src=\"https:\/\/meindl-fashion.de\/wp-content\/uploads\/2021\/07\/MM_Reportage_Oberalm_052-1600.jpg\" class=\"attachment-full size-full wp-image-2656\" alt=\"\" srcset=\"https:\/\/meindl-fashion.de\/wp-content\/uploads\/2021\/07\/MM_Reportage_Oberalm_052-1600.jpg 1600w, https:\/\/meindl-fashion.de\/wp-content\/uploads\/2021\/07\/MM_Reportage_Oberalm_052-1600-600x400.jpg 600w, https:\/\/meindl-fashion.de\/wp-content\/uploads\/2021\/07\/MM_Reportage_Oberalm_052-1600-300x200.jpg 300w, https:\/\/meindl-fashion.de\/wp-content\/uploads\/2021\/07\/MM_Reportage_Oberalm_052-1600-1024x683.jpg 1024w, https:\/\/meindl-fashion.de\/wp-content\/uploads\/2021\/07\/MM_Reportage_Oberalm_052-1600-768x512.jpg 768w, https:\/\/meindl-fashion.de\/wp-content\/uploads\/2021\/07\/MM_Reportage_Oberalm_052-1600-1536x1024.jpg 1536w\" sizes=\"(max-width: 1600px) 100vw, 1600px\" \/>\t\t\t\t\t\t\t\t\t\t\t\t\t\t\t<\/div>\n\t\t\t\t<\/div>\n\t\t\t\t\t<\/div>\n\t\t<\/div>\n\t\t\t\t\t<\/div>\n\t\t<\/section>\n\t\t\t\t<\/div>\n\t\t","protected":false},"excerpt":{"rendered":"<p>Fashion &amp; Art Alexander Steinwendtner x Meindl \u201cPainting is a creative process for me\u201d &#8211; Alexander Steinwendtner What connects fashion with art? Is handcraft already art \u2013 and can art be commercial at all? Together with Salzburg artist Alexander Steinwendtner and Stephan Huber, editor-in-chief of the magazine \u201cStyle in Progress\u201d, Markus Meindl talks about authenticity [&hellip;]<\/p>\n","protected":false},"author":1,"featured_media":2431,"comment_status":"open","ping_status":"open","sticky":false,"template":"","format":"standard","meta":{"_monsterinsights_skip_tracking":false,"_monsterinsights_sitenote_active":false,"_monsterinsights_sitenote_note":"","_monsterinsights_sitenote_category":0,"footnotes":""},"categories":[310,43],"tags":[1009,955,981,964,958,987,996,999,977,975,967,973,935,961,957,980,989,956,954,978,1001,959,965,1003,1022,968,887,1016,1017,1007,976,982,1015,1020,1004,974,994,951,992,986,970,312,1021,1024,962,1018,946,1013,984,475,971,1012,1014,983,966,953,1002,990,995,960,1006,814,1008,993,988,979,883,963,991,1011,1010,969,997,972,1000,998,985,891,1023,1005,1019],"class_list":["post-14981","post","type-post","status-publish","format-standard","has-post-thumbnail","hentry","category-stories-en","category-uncategorized","tag-alexander-steinwendtner-en","tag-art","tag-art-market","tag-article","tag-authenticity","tag-bags","tag-blood","tag-brushstrokes","tag-canvas","tag-cattle","tag-cattle-hides","tag-character","tag-colors","tag-commerce","tag-commercial","tag-context-of-time-and-society","tag-contrasts","tag-craftsmanship","tag-creative-process","tag-curiosity","tag-deconstructing","tag-dedication","tag-deer-hides","tag-designers","tag-details-en","tag-european-forum-alpbach","tag-fashion","tag-fast-art-en","tag-fast-fashion-en","tag-fit","tag-garments","tag-grounding","tag-haute-couture-en","tag-hermann-nitsch-en","tag-ideas","tag-imperfections","tag-intense-creative-process","tag-interior-en","tag-investment-object","tag-jacket","tag-lead-and-gold","tag-leather","tag-logo-en","tag-louis-vuitton-en","tag-magazines","tag-marketing-en","tag-markus-meindl-en","tag-material-en","tag-maturation-process","tag-meindl-en","tag-meindl-hides","tag-meindl-times-magazine-ii-en","tag-mindset-en","tag-objectively-measurable-quality","tag-painter","tag-painting","tag-perfection","tag-perspectives","tag-physical-creative-process","tag-product","tag-professionals","tag-profis","tag-proportions","tag-provocation","tag-purpose","tag-pushing-boundaries","tag-quality","tag-salzburg-artist","tag-status-symbol","tag-stephan-huber-en","tag-style-in-progress-en","tag-suede","tag-sweat","tag-tactile-quality","tag-tailoring","tag-tears","tag-trends","tag-trousers","tag-virgil-abloh-en","tag-visions","tag-zeitgeist-en"],"aioseo_notices":[],"_links":{"self":[{"href":"https:\/\/meindl-fashion.de\/en\/wp-json\/wp\/v2\/posts\/14981","targetHints":{"allow":["GET"]}}],"collection":[{"href":"https:\/\/meindl-fashion.de\/en\/wp-json\/wp\/v2\/posts"}],"about":[{"href":"https:\/\/meindl-fashion.de\/en\/wp-json\/wp\/v2\/types\/post"}],"author":[{"embeddable":true,"href":"https:\/\/meindl-fashion.de\/en\/wp-json\/wp\/v2\/users\/1"}],"replies":[{"embeddable":true,"href":"https:\/\/meindl-fashion.de\/en\/wp-json\/wp\/v2\/comments?post=14981"}],"version-history":[{"count":19,"href":"https:\/\/meindl-fashion.de\/en\/wp-json\/wp\/v2\/posts\/14981\/revisions"}],"predecessor-version":[{"id":29780,"href":"https:\/\/meindl-fashion.de\/en\/wp-json\/wp\/v2\/posts\/14981\/revisions\/29780"}],"wp:featuredmedia":[{"embeddable":true,"href":"https:\/\/meindl-fashion.de\/en\/wp-json\/wp\/v2\/media\/2431"}],"wp:attachment":[{"href":"https:\/\/meindl-fashion.de\/en\/wp-json\/wp\/v2\/media?parent=14981"}],"wp:term":[{"taxonomy":"category","embeddable":true,"href":"https:\/\/meindl-fashion.de\/en\/wp-json\/wp\/v2\/categories?post=14981"},{"taxonomy":"post_tag","embeddable":true,"href":"https:\/\/meindl-fashion.de\/en\/wp-json\/wp\/v2\/tags?post=14981"}],"curies":[{"name":"wp","href":"https:\/\/api.w.org\/{rel}","templated":true}]}}